{"id":203,"date":"2023-07-02T10:02:24","date_gmt":"2023-07-02T10:02:24","guid":{"rendered":"https:\/\/baizara.org\/?p=203"},"modified":"2023-07-02T10:03:40","modified_gmt":"2023-07-02T10:03:40","slug":"visita-de-humberto-mancilla","status":"publish","type":"post","link":"https:\/\/baizara.org\/index.php\/2023\/07\/02\/visita-de-humberto-mancilla\/","title":{"rendered":"Visita de Humberto Mancilla"},"content":{"rendered":"\n<p>Queremos agradecer la visita de<strong> Humberto Mancilla<\/strong>, Director del<strong> Festival de derechos humanos de Bolivia, <\/strong>para presentar el proyecto de Cineteca en el Pa\u00eds Vasco y compartir proyectos y estrategias como miembros ambos de la <strong>Federaci\u00f3n Internacional de coaliciones sobre Diversidad Cultural<\/strong> de <strong>UNESCO<\/strong>, as\u00ed como miembros de la <strong><em>Task Force<\/em><\/strong> organizadora del <strong>4\u00ba Forum de la sociedad Civil<\/strong> el pasado junio.<\/p>\n\n\n\n<p>Comparti\u00f3 con nuestro equipo la celebraci\u00f3n de la<strong> Fiesta del Cordero<\/strong>, en unos d\u00edas de intercambio ideol\u00f3gico, musical, gastron\u00f3mico e intelectual.<\/p>\n\n\n<div class=\"wp-block-image\">\n<figure class=\"aligncenter size-large\"><img loading=\"lazy\" decoding=\"async\" width=\"682\" height=\"1024\" src=\"https:\/\/baizara.org\/wp-content\/uploads\/2023\/07\/IMG-20230616-WA0002-682x1024.jpg\" alt=\"\" class=\"wp-image-205\" srcset=\"https:\/\/baizara.org\/wp-content\/uploads\/2023\/07\/IMG-20230616-WA0002-682x1024.jpg 682w, https:\/\/baizara.org\/wp-content\/uploads\/2023\/07\/IMG-20230616-WA0002-200x300.jpg 200w, https:\/\/baizara.org\/wp-content\/uploads\/2023\/07\/IMG-20230616-WA0002-768x1153.jpg 768w, https:\/\/baizara.org\/wp-content\/uploads\/2023\/07\/IMG-20230616-WA0002-1023x1536.jpg 1023w, https:\/\/baizara.org\/wp-content\/uploads\/2023\/07\/IMG-20230616-WA0002.jpg 1066w\" sizes=\"auto, (max-width: 682px) 100vw, 682px\" \/><\/figure>\n<\/div>","protected":false},"excerpt":{"rendered":"<p>Queremos agradecer la visita de Humberto Mancilla, Director del Festival de derechos humanos de Bolivia, para presentar el proyecto de Cineteca en el Pa\u00eds Vasco<\/p>\n","protected":false},"author":1,"featured_media":204,"comment_status":"closed","ping_status":"closed","sticky":false,"template":"","format":"standard","meta":{"ngg_post_thumbnail":0,"footnotes":""},"categories":[13],"tags":[],"class_list":["post-203","post","type-post","status-publish","format-standard","has-post-thumbnail","hentry","category-sin-categoria-es"],"_links":{"self":[{"href":"https:\/\/baizara.org\/index.php\/wp-json\/wp\/v2\/posts\/203","targetHints":{"allow":["GET"]}}],"collection":[{"href":"https:\/\/baizara.org\/index.php\/wp-json\/wp\/v2\/posts"}],"about":[{"href":"https:\/\/baizara.org\/index.php\/wp-json\/wp\/v2\/types\/post"}],"author":[{"embeddable":true,"href":"https:\/\/baizara.org\/index.php\/wp-json\/wp\/v2\/users\/1"}],"replies":[{"embeddable":true,"href":"https:\/\/baizara.org\/index.php\/wp-json\/wp\/v2\/comments?post=203"}],"version-history":[{"count":2,"href":"https:\/\/baizara.org\/index.php\/wp-json\/wp\/v2\/posts\/203\/revisions"}],"predecessor-version":[{"id":207,"href":"https:\/\/baizara.org\/index.php\/wp-json\/wp\/v2\/posts\/203\/revisions\/207"}],"wp:featuredmedia":[{"embeddable":true,"href":"https:\/\/baizara.org\/index.php\/wp-json\/wp\/v2\/media\/204"}],"wp:attachment":[{"href":"https:\/\/baizara.org\/index.php\/wp-json\/wp\/v2\/media?parent=203"}],"wp:term":[{"taxonomy":"category","embeddable":true,"href":"https:\/\/baizara.org\/index.php\/wp-json\/wp\/v2\/categories?post=203"},{"taxonomy":"post_tag","embeddable":true,"href":"https:\/\/baizara.org\/index.php\/wp-json\/wp\/v2\/tags?post=203"}],"curies":[{"name":"wp","href":"https:\/\/api.w.org\/{rel}","templated":true}]}}