{"id":264,"date":"2023-10-16T12:11:22","date_gmt":"2023-10-16T12:11:22","guid":{"rendered":"https:\/\/baizara.org\/?p=264"},"modified":"2023-10-16T12:11:22","modified_gmt":"2023-10-16T12:11:22","slug":"i-taller-tecnico-sobre-proyectos-europeos","status":"publish","type":"post","link":"https:\/\/baizara.org\/index.php\/2023\/10\/16\/i-taller-tecnico-sobre-proyectos-europeos\/","title":{"rendered":"I Taller t\u00e9cnico sobre proyectos europeos"},"content":{"rendered":"\n<p>Esta  primera taller sobre proyectos europeos  organizado por <strong>Baizara<\/strong>, es un primer evento dentro del programa de actividades de capacitaci\u00f3n previsto por nuestra entidad  en <strong>proyectos internacionales<\/strong>.  <\/p>\n\n\n\n<p>El objetivo principal es fomentar el intercambio de conocimientos y experiencias para mejorar la calidad y el impacto de los proyectos europeos.<\/p>\n\n\n\n<p>La escritura de proyectos europeos es un proceso complejo que implica m\u00faltiples aspectos, desde la conceptualizaci\u00f3n hasta la planificaci\u00f3n financiera, la implementaci\u00f3n e impacto.<\/p>\n\n\n\n<p>En estas jornadas, abordaremos aspectos t\u00e9cnicos, metodol\u00f3gicos, financieros o regulatorios relacionados con proyectos financiados por la Uni\u00f3n Europea . Est\u00e1n dise\u00f1ados con una vocaci\u00f3n pr\u00e1ctica y enfocado a resultados.<\/p>\n\n\n\n<p>Est\u00e1n dirigidos a entidades o profesionales interesados en la internacionalizaci\u00f3n como estrategia organizativa que quieran acercarse a detalles concretos que se tratar\u00e1n en cada jornada.<\/p>\n\n\n\n<p>En este <strong>primer taller t\u00e9cnico<\/strong>, los participantes pueden esperar:<\/p>\n\n\n\n<ol class=\"wp-block-list\">\n<li>Aproximaci\u00f3n a los  puntos m\u00e1s d\u00e9biles detectados por los evaluadores en los proyectos presentados en las \u00faltimas convocatorias.<\/li>\n\n\n\n<li>Aproximaci\u00f3n al uso de la inteligencia artificial como herramienta de  solventar esas carencias.<\/li>\n<\/ol>\n\n\n\n<p><strong>Fecha y lugar del taller<\/strong>: Segunda semana de noviembre. A confirmar<\/p>\n\n\n\n<p><strong>Duraci\u00f3n del taller:<\/strong> 2 horas <\/p>\n\n\n\n<p><strong>Coste del taller<\/strong>: 20\u20ac<\/p>\n\n\n\n<p><strong>Inscripciones<\/strong>: <\/p>\n\n\n\n<p><\/p>\n\n\n\n<p><a href=\"https:\/\/docs.google.com\/forms\/d\/e\/1FAIpQLSeCy65Oo-xcTuPOc87613EwTzTyvbfwf33KvYvebl7sBxclmA\/viewform?usp=pp_url\">https:\/\/docs.google.com\/forms\/d\/e\/1FAIpQLSeCy65Oo-xcTuPOc87613EwTzTyvbfwf33KvYvebl7sBxclmA\/viewform?usp=pp_url<\/a><\/p>\n\n\n\n<p>info@baizara.org<\/p>\n\n\n\n<p>.<\/p>\n","protected":false},"excerpt":{"rendered":"<p>Esta primera taller sobre proyectos europeos organizado por Baizara, es un primer evento dentro del programa de actividades de capacitaci\u00f3n previsto por nuestra entidad en<\/p>\n","protected":false},"author":1,"featured_media":265,"comment_status":"closed","ping_status":"closed","sticky":false,"template":"","format":"standard","meta":{"ngg_post_thumbnail":0,"footnotes":""},"categories":[13],"tags":[],"class_list":["post-264","post","type-post","status-publish","format-standard","has-post-thumbnail","hentry","category-sin-categoria-es"],"_links":{"self":[{"href":"https:\/\/baizara.org\/index.php\/wp-json\/wp\/v2\/posts\/264","targetHints":{"allow":["GET"]}}],"collection":[{"href":"https:\/\/baizara.org\/index.php\/wp-json\/wp\/v2\/posts"}],"about":[{"href":"https:\/\/baizara.org\/index.php\/wp-json\/wp\/v2\/types\/post"}],"author":[{"embeddable":true,"href":"https:\/\/baizara.org\/index.php\/wp-json\/wp\/v2\/users\/1"}],"replies":[{"embeddable":true,"href":"https:\/\/baizara.org\/index.php\/wp-json\/wp\/v2\/comments?post=264"}],"version-history":[{"count":1,"href":"https:\/\/baizara.org\/index.php\/wp-json\/wp\/v2\/posts\/264\/revisions"}],"predecessor-version":[{"id":266,"href":"https:\/\/baizara.org\/index.php\/wp-json\/wp\/v2\/posts\/264\/revisions\/266"}],"wp:featuredmedia":[{"embeddable":true,"href":"https:\/\/baizara.org\/index.php\/wp-json\/wp\/v2\/media\/265"}],"wp:attachment":[{"href":"https:\/\/baizara.org\/index.php\/wp-json\/wp\/v2\/media?parent=264"}],"wp:term":[{"taxonomy":"category","embeddable":true,"href":"https:\/\/baizara.org\/index.php\/wp-json\/wp\/v2\/categories?post=264"},{"taxonomy":"post_tag","embeddable":true,"href":"https:\/\/baizara.org\/index.php\/wp-json\/wp\/v2\/tags?post=264"}],"curies":[{"name":"wp","href":"https:\/\/api.w.org\/{rel}","templated":true}]}}